{"id":2560,"date":"2025-06-10T12:38:08","date_gmt":"2025-06-10T12:38:08","guid":{"rendered":"https:\/\/anima.tv\/cesareperi\/?p=2560"},"modified":"2025-06-10T12:38:08","modified_gmt":"2025-06-10T12:38:08","slug":"102-i-colori-della-nostalgia","status":"publish","type":"post","link":"https:\/\/anima.tv\/cesareperi\/2025\/06\/10\/102-i-colori-della-nostalgia\/","title":{"rendered":"102. I COLORI DELLA NOSTALGIA"},"content":{"rendered":"<p>In fondo al cuore di ogni essere umano si cela <strong>uno strano senso di nostalgia<\/strong>, a tratti appena percepibile, a tratti intenso, a seconda dell\u2019indole, dell\u2019et\u00e0 o di un particolare momento. A prima vista si potrebbe facilmente collegarlo con una fase felice del passato, o pi\u00f9 facilmente risalire alle esperienze dell\u2019infanzia, non di rado idealizzata, oppure ci si pu\u00f2 spingere pi\u00f9 in l\u00e0, riconoscendo in questo misterioso sentimento, spesso struggente e insieme indecifrabile, <strong>un riferimento a una dimensione diversa, quella dell\u2019anima<\/strong>, che precede la nostra avventura terrena.<\/p>\n<p>\u201cNostalgia\u201d \u00e8 parola greca e propriamente significa \u201csofferenza (<em>alghia <\/em>&lt; <em>algos,<\/em>) per il ritorno (<em>nostos<\/em>). Include perci\u00f2 <strong>il desiderio di tornare indietro<\/strong>, in un luogo o in una situazione, in cui si sono sperimentati sentimenti positivi: serenit\u00e0, pace o forse un senso di beatitudine e di comunione con il Tutto, che l\u2019individualit\u00e0 e la realt\u00e0 materiale dissolvono poi in rigide divisioni e insuperabili distanze. In definitiva questo strano sentimento, dolce e insieme amaro, che sembra volerci trasportare lontano, <strong>racchiude un anelito di felicit\u00e0<\/strong> e pu\u00f2 nascere da un semplice ricordo oppure da un\u2019indefinibile memoria pi\u00f9 lontana, appena intuita, o vissuta inconsciamente (come nel grembo materno), di cui per\u00f2 conserviamo nel profondo una viva traccia.<\/p>\n<p>Poich\u00e9 sappiamo che <strong>i colori costituiscono \u00abil linguaggio emozionale dell\u2019inconscio\u00bb<\/strong> (L\u00fcscher), in quali di essi potremmo provare a riconoscere questa particolare sensazione o sentimento? Forse potremmo partire con <strong>il bianco<\/strong>, sia perch\u00e9 ci ricorda la purezza, il candore e l\u2019innocenza dell\u2019infanzia, sia perch\u00e9 <strong>contiene potenzialmente tutti i colori<\/strong>, come le qualit\u00e0 racchiuse nei primi anni di vita. Non solo ci ricorda il camicino candido del battesimo, ma \u00e8 in noi come l\u2019archetipo dell\u2019inizio e della luce, associato allo Spirito come fonte di tutta la realt\u00e0.<\/p>\n<p>\u00abIl bianco \u00e8 una sorta di silenzio che potrebbe essere compreso\u00bb, osserva Kandinskij, proprio come l\u2019infante, che ha in s\u00e9 tutto, ma non ha ancora sviluppato la parola (lat. <em>in-fantem<\/em>. \u201cche non parla\u201d). <strong>Il bianco simboleggia l\u2019inizio<\/strong> (e anche la fine) della fase vitale e in generale situazioni di \u201ctransizione\u201d.<\/p>\n<p>Se vogliamo restare <strong>nell\u2019ambito dell\u2019infanzia<\/strong>, come luogo per eccellenza della nostalgia, senza pretendere di spingerci pi\u00f9 indietro (come nell\u2019ipnosi regressiva), i colori che pi\u00f9 facilmente si aggiungono al bianco, sono <strong>l\u2019azzurro e il rosa<\/strong>, che potremmo quasi definire \u201ccreazioni\u201d del bianco, in quanto trasmette le sue qualit\u00e0 a due colori opposti e antagonisti, quali il blu e il rosso, attenuandoli e unificandoli come per magia (e in effetti il bianco racchiude qualcosa di magico).<\/p>\n<p><strong>Il blu<\/strong> \u00e8 un colore freddo e centripeto, <strong>simbolo del cielo e del mare<\/strong>, della speculazione mentale e dello spirito; <strong>il rosso<\/strong> \u00e8 un colore caldo e centrifugo, <strong>simbolo della terra, della materia e dell\u2019istinto<\/strong>. Eppure <strong>la \u201ccarezza\u201d del bianco trasmette a entrambi le sue delicate qualit\u00e0<\/strong>, ed ecco comparire l\u2019azzurro, fresco e sereno, e il rosa, tenero e dolce, che ci ricordano il profumo immacolato dei primi grembiulini.<\/p>\n<p><strong>L\u2019originaria contrapposizione cromatica si fonde in una comune sensazione di freschezza<\/strong>, purezza, serenit\u00e0, quiete, gentilezza ed elevazione spirituale. Il dio supremo egiziano Amon era raffigurato azzurro come il cielo sereno, e cos\u00ec pure il dio babilonese Marduk. L\u2019azzurro alleggerisce ed eleva il pensiero umano verso l\u2019aldil\u00e0, l\u2019eternit\u00e0 e l\u2019infinito pi\u00f9 dello stesso blu, e il rosa trasforma la passione in amore incondizionato, spiritualizzando l\u2019impulso istintivo in accoglienza reciproca e tenerezza.<\/p>\n<p><strong>Entrambi i colori ci conducono nel mondo delle fiabe<\/strong>. Che dire del \u00abprincipe azzurro\u00bb e della \u00abfata dai capelli turchini\u00bb? Il rosa, secondo il mito greco, nacque dal rosso del sangue di Afrodite, la dea dell\u2019amore, allorch\u00e9 si punse con la spina di una rosa bianca, mentre correva in soccorso del suo amato Adone. Felicit\u00e0, bellezza e tenerezza aleggiano in essi come in un sogno e la cromoterapia ne riconosce le qualit\u00e0 calmanti e insieme rivitalizzanti.<\/p>\n<p>Il bianco, associato al raggio lunare (dimensione femminile) accentua la componente femminile sia del blu (associato all\u2019acqua e alla donna), sia del rosso (associato al sangue e alla vita). Blu fu l\u2019abito di Maria a partire dal XII secolo e rosso rimase quello della sposa fino alla met\u00e0 del XIX. La qualit\u00e0 predominante, che unifica questi tre colori con un senso di tenerezza e di protezione, potrebbe quindi definirsi materna. <strong>La nostalgia<\/strong>, per quanto vaga e misteriosa, rivela evidenti connotati femminili e di conseguenza <strong>evoca la figura della Madre<\/strong>.<\/p>\n<p><em>Cesare Peri<\/em><\/p>\n<p><em style=\"font-size: 16px;\"><a href=\"https:\/\/www.ilgiardinodeilibri.it\/libri\/__meditazione-sui-colori.php?x_frame_secure=1&amp;pn=621\" target=\"_blank\" rel=\"noopener\"><img loading=\"lazy\" decoding=\"async\" class=\"alignnone wp-image-146 size-full\" src=\"https:\/\/anima.tv\/wp-content\/uploads\/sites\/38\/2015\/07\/Libro-Colori-Peri.jpg\" alt=\"\" width=\"141\" height=\"200\" \/><\/a>\u00a0 \u00a0 \u00a0<a href=\"https:\/\/www.ilgiardinodeilibri.it\/libri\/__interpretare-mito-cesare-peri.php?x_frame_secure=1&amp;pn=621\" target=\"_blank\" rel=\"noopener noreferrer\"><img loading=\"lazy\" decoding=\"async\" class=\"alignnone wp-image-167 size-full\" src=\"https:\/\/anima.tv\/wp-content\/uploads\/sites\/38\/2015\/10\/Libro-Interpretare-Mito-Peri.jpg\" alt=\"\" width=\"142\" height=\"200\" \/><\/a>\u00a0 \u00a0\u00a0 <a href=\"https:\/\/anima.tv\/cat-iframe\/?redirect=\/libri\/__potere-scelta-cesare-peri-libro.php\" target=\"_blank\" rel=\"noopener noreferrer\"><img loading=\"lazy\" decoding=\"async\" class=\"alignnone wp-image-514 size-full\" src=\"https:\/\/anima.tv\/wp-content\/uploads\/sites\/38\/2017\/06\/Libro-Peri-Potere-Scelta.jpg\" alt=\"\" width=\"143\" height=\"200\" \/><\/a><\/em><\/p>\n<hr \/>\n<p>Scegli il nuovo canale streaming Anima Channel. Il luogo in grado di offrirti un\u2019esperienza moderna, olistica e personalizzata che ti guida nei territori della consapevolezza.<br class=\"yoast-text-mark\" \/>&gt;Vai su: <a href=\"http:\/\/animachannel.it\/\" target=\"_blank\" rel=\"noopener\">http:\/\/animachannel.it<\/a><br \/>\nIscriviti alla nostra newsletter:\u00a0<a href=\"https:\/\/anima.tv\/form-iscrizione-newsletter\/\">https:\/\/anima.tv\/form-iscrizione-newsletter\/<\/a><br \/>\nNovit\u00e0 Anima Edizioni:\u00a0<a href=\"https:\/\/anima.tv\/novita-anima-edizioni\/\">https:\/\/anima.tv\/novita-anima-edizioni\/<\/a><br \/>\nConsulta il nostro Calendario Eventi qui:\u00a0<a href=\"https:\/\/anima.tv\/eventi\/\">https:\/\/anima.tv\/eventi\/<\/a><br \/>\nAttenzione, per i commenti rispettare la Netiquette:\u00a0<a href=\"https:\/\/anima.tv\/netiquette-anima-tv\/\">https:\/\/anima.tv\/neti\u00a0<\/a><\/p>\n","protected":false},"excerpt":{"rendered":"<p>In fondo al cuore di ogni essere umano si cela uno strano senso di nostalgia, a tratti appena percepibile, a tratti intenso, a seconda dell\u2019indole, dell\u2019et\u00e0 o di un particolare momento. A prima vista si potrebbe facilmente collegarlo con una fase felice del passato, o pi\u00f9 facilmente risalire alle esperienze dell\u2019infanzia, non di rado idealizzata, [&hellip;]<\/p>\n","protected":false},"author":985,"featured_media":721,"comment_status":"open","ping_status":"closed","sticky":false,"template":"","format":"standard","meta":{"_acf_changed":false,"site-sidebar-layout":"default","site-content-layout":"","ast-site-content-layout":"default","site-content-style":"default","site-sidebar-style":"default","ast-global-header-display":"","ast-banner-title-visibility":"","ast-main-header-display":"","ast-hfb-above-header-display":"","ast-hfb-below-header-display":"","ast-hfb-mobile-header-display":"","site-post-title":"","ast-breadcrumbs-content":"","ast-featured-img":"","footer-sml-layout":"","ast-disable-related-posts":"","theme-transparent-header-meta":"default","adv-header-id-meta":"","stick-header-meta":"","header-above-stick-meta":"","header-main-stick-meta":"","header-below-stick-meta":"","astra-migrate-meta-layouts":"set","ast-page-background-enabled":"default","ast-page-background-meta":{"desktop":{"background-color":"","background-image":"","background-repeat":"repeat","background-position":"center center","background-size":"auto","background-attachment":"scroll","background-type":"","background-media":"","overlay-type":"","overlay-color":"","overlay-opacity":"","overlay-gradient":""},"tablet":{"background-color":"","background-image":"","background-repeat":"repeat","background-position":"center center","background-size":"auto","background-attachment":"scroll","background-type":"","background-media":"","overlay-type":"","overlay-color":"","overlay-opacity":"","overlay-gradient":""},"mobile":{"background-color":"","background-image":"","background-repeat":"repeat","background-position":"center center","background-size":"auto","background-attachment":"scroll","background-type":"","background-media":"","overlay-type":"","overlay-color":"","overlay-opacity":"","overlay-gradient":""}},"ast-content-background-meta":{"desktop":{"background-color":"var(--ast-global-color-5)","background-image":"","background-repeat":"repeat","background-position":"center center","background-size":"auto","background-attachment":"scroll","background-type":"","background-media":"","overlay-type":"","overlay-color":"","overlay-opacity":"","overlay-gradient":""},"tablet":{"background-color":"var(--ast-global-color-5)","background-image":"","background-repeat":"repeat","background-position":"center center","background-size":"auto","background-attachment":"scroll","background-type":"","background-media":"","overlay-type":"","overlay-color":"","overlay-opacity":"","overlay-gradient":""},"mobile":{"background-color":"var(--ast-global-color-5)","background-image":"","background-repeat":"repeat","background-position":"center center","background-size":"auto","background-attachment":"scroll","background-type":"","background-media":"","overlay-type":"","overlay-color":"","overlay-opacity":"","overlay-gradient":""}},"footnotes":""},"categories":[1],"tags":[],"coauthors":[6],"class_list":["post-2560","post","type-post","status-publish","format-standard","has-post-thumbnail","hentry","category-senza-categoria"],"acf":[],"_links":{"self":[{"href":"https:\/\/anima.tv\/cesareperi\/wp-json\/wp\/v2\/posts\/2560","targetHints":{"allow":["GET"]}}],"collection":[{"href":"https:\/\/anima.tv\/cesareperi\/wp-json\/wp\/v2\/posts"}],"about":[{"href":"https:\/\/anima.tv\/cesareperi\/wp-json\/wp\/v2\/types\/post"}],"author":[{"embeddable":true,"href":"https:\/\/anima.tv\/cesareperi\/wp-json\/wp\/v2\/users\/985"}],"replies":[{"embeddable":true,"href":"https:\/\/anima.tv\/cesareperi\/wp-json\/wp\/v2\/comments?post=2560"}],"version-history":[{"count":1,"href":"https:\/\/anima.tv\/cesareperi\/wp-json\/wp\/v2\/posts\/2560\/revisions"}],"predecessor-version":[{"id":2561,"href":"https:\/\/anima.tv\/cesareperi\/wp-json\/wp\/v2\/posts\/2560\/revisions\/2561"}],"wp:featuredmedia":[{"embeddable":true,"href":"https:\/\/anima.tv\/cesareperi\/wp-json\/wp\/v2\/media\/721"}],"wp:attachment":[{"href":"https:\/\/anima.tv\/cesareperi\/wp-json\/wp\/v2\/media?parent=2560"}],"wp:term":[{"taxonomy":"category","embeddable":true,"href":"https:\/\/anima.tv\/cesareperi\/wp-json\/wp\/v2\/categories?post=2560"},{"taxonomy":"post_tag","embeddable":true,"href":"https:\/\/anima.tv\/cesareperi\/wp-json\/wp\/v2\/tags?post=2560"},{"taxonomy":"author","embeddable":true,"href":"https:\/\/anima.tv\/cesareperi\/wp-json\/wp\/v2\/coauthors?post=2560"}],"curies":[{"name":"wp","href":"https:\/\/api.w.org\/{rel}","templated":true}]}}