{"id":136,"date":"2010-12-02T13:53:50","date_gmt":"2010-12-02T13:53:50","guid":{"rendered":"https:\/\/anima.tv\/robertonuma\/?p=136"},"modified":"2013-07-18T13:14:31","modified_gmt":"2013-07-18T13:14:31","slug":"24-il-presente","status":"publish","type":"post","link":"https:\/\/anima.tv\/robertonuma\/2010\/24-il-presente\/","title":{"rendered":"24. IL PRESENTE"},"content":{"rendered":"<p>Sembra che questo processo di \u201cmiglioramento\u201d della qualit\u00e0 del flusso incarnatorio abbia preso, all\u2019aprirsi del nuovo millennio, un nuovo impulso, determinato soprattutto dagli <b>eventi che stanno per accadere<\/b>.<\/p>\n<p><a href=\"https:\/\/anima.tv\/robertonuma\/wp-content\/uploads\/sites\/8\/2013\/07\/24b.jpg\"><img loading=\"lazy\" decoding=\"async\" class=\"alignnone size-full wp-image-226\" alt=\"24b\" src=\"https:\/\/anima.tv\/robertonuma\/wp-content\/uploads\/sites\/8\/2013\/07\/24b.jpg\" width=\"249\" height=\"221\" \/><\/a><\/p>\n<p>Le rivelazioni spirituali ci dicono, infatti, che essendo gi\u00e0 stata raggiunta la \u201cmassa critica\u201d, ossia, \u201cin soldoni\u201d, che pi\u00f9 della met\u00e0 dei terrestri sono riusciti gi\u00e0 comunque a migliorarsi intimamente e a diventare, secondo il \u201cloro\u201d linguaggio, \u201ctendenti al bene\u201d, \u00e8 arrivato il momento in cui un certo processo, quello della trasformazione da &#8220;mondo di espiazione e colpa\u201d \u2013 quale quello in cui noi siamo \u2013 a \u201cmondo rigenerato\u201d, pu\u00f2 avvenire.<br \/>\nPer dare forza e rapidit\u00e0 a questo processo, che non raramente pu\u00f2 durare tempi lunghissimi, due fatti avverranno, l\u2019uno in sequenza all\u2019altro.<\/p>\n<p>Il primo, il pi\u00f9 importante, sar\u00e0 il <b>ritorno del Maestro<\/b>, nella Sua veste cosmica e con tutta la Sua \u201ccorte\u201d di amici, colleghi e collaboratori.<br \/>\nCauser\u00e0 molta sorpresa vedere riuniti sullo stesso palco Ges\u00f9 con Maometto, Budda con Yaweh, Zoroastro con Lao Tse e Platone, mostrando in modo inequivocabile l\u2019assurdit\u00e0 delle divisioni religiose, e determinando con questo l\u2019implicito termine di queste divisioni, e della religione stessa come noi la conosciamo oggi.<br \/>\nCauser\u00e0 ancora pi\u00f9 sorpresa vederli arrivare a bordo di un\u2019<b>enorme nave stellare<\/b> \u2013 la nave del Maestro \u2013 contorniata da centinaia di migliaia di altre navi minori, di cui molte sono del tipo di quelle che appaiono copiosamente negli archivi di Youtube, ad esempio, nel settore dei filmati ufologici.<br \/>\n<a href=\"https:\/\/anima.tv\/robertonuma\/wp-content\/uploads\/sites\/8\/2013\/07\/24a.jpg\"><img loading=\"lazy\" decoding=\"async\" class=\"alignnone size-medium wp-image-225\" alt=\"24a\" src=\"https:\/\/anima.tv\/robertonuma\/wp-content\/uploads\/sites\/8\/2013\/07\/24a-300x222.jpg\" width=\"300\" height=\"222\" srcset=\"https:\/\/anima.tv\/wp-content\/uploads\/sites\/8\/2013\/07\/24a-300x222.jpg 300w, https:\/\/anima.tv\/wp-content\/uploads\/sites\/8\/2013\/07\/24a.jpg 301w\" sizes=\"auto, (max-width: 300px) 100vw, 300px\" \/><\/a><\/p>\n<p>Ma la sorpresa maggiore, forse, sar\u00e0 il messaggio che il Maestro ci lascer\u00e0, ne pi\u00f9 ne meno, badate, di ci\u00f2 che gi\u00e0 ci disse duemila anni fa, ma sicuramente con parole e concetti nuovi, forte del fatto che l\u2019educazione culturale dell\u2019umanit\u00e0 le permetter\u00e0, oggi molto pi\u00f9 che ieri, di comprendere questi principi e concetti, fino a poco tempo fa assolutamente &#8220;inconosciuti&#8221; e inconoscibili.<\/p>\n<p>La precisa descrizione che Giovanni fa nell\u2019Apocalisse degli eventi che precederanno \u201cil ritorno della Gerusalemme Celeste\u201d \u2013 che era poi l\u2019unico modo che quell\u2019uomo aveva, a quel tempo, di descrivere la nave spaziale in cui era stato trasportato, comparandola a ci\u00f2 che di pi\u00f9 luminoso lui avesse mai visto in vita sua, Gerusalemme appunto \u2013 e che si sono gi\u00e0 tutti compiuti, ci induce a pensare che anche <b>l\u2019ultimo angelo ha suonato la sua tromba<\/b>.<\/p>\n<p>E\u2019 ora arrivato il grande momento, e siamo nell\u2019ultima mezzora prima che ci\u00f2 diventi reale, osservabile ed effettivo. Non \u00e8 pi\u00f9 tempo di cercare d\u2019affrettarci per rimettere in sesto ci\u00f2 che abbiamo negligenziato per tutta la vita \u2013 e chiss\u00e0 in quante altre precedenti.<br \/>\nQuello che abbiamo costruito, con il nostro modo di essere di tutti i giorni, \u00e8 quello che ha determinato la possibilit\u00e0 che questo grande cambiamento possa avvenire, anche se la strada, dopo, sar\u00e0 tanto o maggiormente lunga di tutta quella che abbiamo gi\u00e0 percorso.<\/p>\n<p>Da quel momento in poi, per\u00f2 \u2013 ed \u00e8 questo il secondo importante evento che preannunciavo \u2013 sul nostro pianeta avverranno <b>nascite di esseri <\/b>sempre meno indebitati con se stessi e l\u2019Universo, e sempre pi\u00f9 coscienti della propria <b>identit\u00e0 spirituale<\/b>.<br \/>\nDa loro riceveremo il maggior contributo per l\u2019avanzamento della coscienza come \u201cmoneta di scambio\u201d nei rapporti interpersonali e collettivi, imboccando una strada che \u2013 per fortuna \u2013 non avr\u00e0 ritorno.<\/p>\n<p>Capisco che a molti, che avranno intuito che quando parlo di questa nuova generazione di spiriti pi\u00f9 evoluti mi riferisco ai nostri figli e nipoti, verr\u00e0 da dubitare e anche da ridere di questa mia affermazione \u2013 soprattutto se ripenser\u00e0 alla scala di valori che attualmente sembra imperversare fra i nostri ragazzini, o magari solo rivedr\u00e0 i propri figli mentre gliene fanno di tutti i colori \u2013 ma vi assicuro che \u00e8 proprio cos\u00ec, che questo \u00e8 il movimento in atto.<br \/>\nAspettare per credere&#8230;<\/p>\n","protected":false},"excerpt":{"rendered":"<p>Sembra che questo processo di \u201cmiglioramento\u201d della qualit\u00e0 del flusso incarnatorio abbia preso, all\u2019aprirsi del nuovo millennio, un nuovo impulso, determinato soprattutto dagli eventi che stanno per accadere. Le rivelazioni spirituali ci dicono, infatti, che essendo gi\u00e0 stata raggiunta la \u201cmassa critica\u201d, ossia, \u201cin soldoni\u201d, che pi\u00f9 della met\u00e0 dei terrestri sono riusciti gi\u00e0 comunque [&hellip;]<\/p>\n","protected":false},"author":705,"featured_media":0,"comment_status":"open","ping_status":"closed","sticky":false,"template":"","format":"standard","meta":{"_acf_changed":false,"site-sidebar-layout":"default","site-content-layout":"","ast-site-content-layout":"default","site-content-style":"default","site-sidebar-style":"default","ast-global-header-display":"","ast-banner-title-visibility":"","ast-main-header-display":"","ast-hfb-above-header-display":"","ast-hfb-below-header-display":"","ast-hfb-mobile-header-display":"","site-post-title":"","ast-breadcrumbs-content":"","ast-featured-img":"","footer-sml-layout":"","ast-disable-related-posts":"","theme-transparent-header-meta":"","adv-header-id-meta":"","stick-header-meta":"","header-above-stick-meta":"","header-main-stick-meta":"","header-below-stick-meta":"","astra-migrate-meta-layouts":"default","ast-page-background-enabled":"default","ast-page-background-meta":{"desktop":{"background-color":"","background-image":"","background-repeat":"repeat","background-position":"center center","background-size":"auto","background-attachment":"scroll","background-type":"","background-media":"","overlay-type":"","overlay-color":"","overlay-opacity":"","overlay-gradient":""},"tablet":{"background-color":"","background-image":"","background-repeat":"repeat","background-position":"center center","background-size":"auto","background-attachment":"scroll","background-type":"","background-media":"","overlay-type":"","overlay-color":"","overlay-opacity":"","overlay-gradient":""},"mobile":{"background-color":"","background-image":"","background-repeat":"repeat","background-position":"center center","background-size":"auto","background-attachment":"scroll","background-type":"","background-media":"","overlay-type":"","overlay-color":"","overlay-opacity":"","overlay-gradient":""}},"ast-content-background-meta":{"desktop":{"background-color":"var(--ast-global-color-5)","background-image":"","background-repeat":"repeat","background-position":"center center","background-size":"auto","background-attachment":"scroll","background-type":"","background-media":"","overlay-type":"","overlay-color":"","overlay-opacity":"","overlay-gradient":""},"tablet":{"background-color":"var(--ast-global-color-5)","background-image":"","background-repeat":"repeat","background-position":"center center","background-size":"auto","background-attachment":"scroll","background-type":"","background-media":"","overlay-type":"","overlay-color":"","overlay-opacity":"","overlay-gradient":""},"mobile":{"background-color":"var(--ast-global-color-5)","background-image":"","background-repeat":"repeat","background-position":"center center","background-size":"auto","background-attachment":"scroll","background-type":"","background-media":"","overlay-type":"","overlay-color":"","overlay-opacity":"","overlay-gradient":""}},"footnotes":""},"categories":[1],"tags":[],"coauthors":[7],"class_list":["post-136","post","type-post","status-publish","format-standard","hentry","category-uncategorized"],"acf":[],"_links":{"self":[{"href":"https:\/\/anima.tv\/robertonuma\/wp-json\/wp\/v2\/posts\/136","targetHints":{"allow":["GET"]}}],"collection":[{"href":"https:\/\/anima.tv\/robertonuma\/wp-json\/wp\/v2\/posts"}],"about":[{"href":"https:\/\/anima.tv\/robertonuma\/wp-json\/wp\/v2\/types\/post"}],"author":[{"embeddable":true,"href":"https:\/\/anima.tv\/robertonuma\/wp-json\/wp\/v2\/users\/705"}],"replies":[{"embeddable":true,"href":"https:\/\/anima.tv\/robertonuma\/wp-json\/wp\/v2\/comments?post=136"}],"version-history":[{"count":3,"href":"https:\/\/anima.tv\/robertonuma\/wp-json\/wp\/v2\/posts\/136\/revisions"}],"predecessor-version":[{"id":153,"href":"https:\/\/anima.tv\/robertonuma\/wp-json\/wp\/v2\/posts\/136\/revisions\/153"}],"wp:attachment":[{"href":"https:\/\/anima.tv\/robertonuma\/wp-json\/wp\/v2\/media?parent=136"}],"wp:term":[{"taxonomy":"category","embeddable":true,"href":"https:\/\/anima.tv\/robertonuma\/wp-json\/wp\/v2\/categories?post=136"},{"taxonomy":"post_tag","embeddable":true,"href":"https:\/\/anima.tv\/robertonuma\/wp-json\/wp\/v2\/tags?post=136"},{"taxonomy":"author","embeddable":true,"href":"https:\/\/anima.tv\/robertonuma\/wp-json\/wp\/v2\/coauthors?post=136"}],"curies":[{"name":"wp","href":"https:\/\/api.w.org\/{rel}","templated":true}]}}