{"id":140,"date":"2011-05-23T13:54:00","date_gmt":"2011-05-23T13:54:00","guid":{"rendered":"https:\/\/anima.tv\/robertonuma\/?p=140"},"modified":"2013-07-18T13:15:06","modified_gmt":"2013-07-18T13:15:06","slug":"28-la-seconda-parte-di-javeh","status":"publish","type":"post","link":"https:\/\/anima.tv\/robertonuma\/2011\/28-la-seconda-parte-di-javeh\/","title":{"rendered":"28. LA SECONDA PARTE DI JAVEH"},"content":{"rendered":"<p>Quando il nostro Padre Creatore rimase prigioniero di questo Universo, la sua parte che rimase trattenuta all\u2019interno cominci\u00f2 a reintegrarsi nell\u2019ambiente che si stava formando. Questa sua seconda parte cominci\u00f2 a rendersi conto solamente allora di ci\u00f2 che stava succedendo in questo Universo fisico-materiale.<\/p>\n<p>Egli non si ricordava della sua esistenza anteriore, e nemmeno del fatto che fosse diviso e che avesse una sua parte rimasta all\u2019esterno di quel contesto esistenziale nel quale era inserito. Cominci\u00f2 ad avere coscienza soltanto di questa realt\u00e0 e delle altre che appartenevano alla sua creazione.<\/p>\n<p><a href=\"https:\/\/anima.tv\/robertonuma\/wp-content\/uploads\/sites\/8\/2013\/07\/28.jpg\"><img loading=\"lazy\" decoding=\"async\" class=\"alignnone size-full wp-image-229\" alt=\"28\" src=\"https:\/\/anima.tv\/robertonuma\/wp-content\/uploads\/sites\/8\/2013\/07\/28.jpg\" width=\"211\" height=\"242\" \/><\/a><\/p>\n<p>Guardate un po\u2019 cosa era successo: un essere di livello superiore s\u2019era diviso, con una parte trattenuta come prigioniera dalla sua propria creazione e un&#8217;altra rimasta in un differente contesto cosmico!<\/p>\n<p>La parte prigioniera cominci\u00f2 ad avere una <b>coscienza propria<\/b>, indipendente dall\u2019altra che non apparteneva a questo mondo materiale. In seguito alla ricostituzione, la seconda parte di Javeh cominci\u00f2, attraverso la sua potente mente, a capire che aveva creato questo mondo che adesso si stava formando. Intese d\u2019essere l\u2019unica individualit\u00e0 esistente in questo nuovo contesto, e che intorno ad essa esisteva solamente un conglomerato di cellule che si moltiplicavano e si aggruppavano dando vita alle molte forme esistenziali nei campi specifici dei regni minerale, vegetale e animale.<\/p>\n<p>Javeh rimase meravigliato dalla sua creazione! S\u2019incant\u00f2 con tutto ci\u00f2 che stava succedendo nell\u2019Universo da lui creato. Dimenticandosi della condizione in cui adesso si trovava, Javeh cominci\u00f2 ad esercitare il dominio su tutto ci\u00f2 che sorgeva in questo Universo.<\/p>\n<p>Cerchiamo di capire cosa in realt\u00e0 avvenne: Javeh, o meglio, la sua seconda parte che rimase prigioniera in questo Universo, cominci\u00f2 a creare, creare e creare sicuro della sola esistenza di questa realt\u00e0, di cui era il dio creatore!<\/p>\n<p>I tempi passarono e la seconda parte di Javeh cominci\u00f2 ad avere difficolt\u00e0 nell\u2019amministrare la propria creazione in continua espansione, comprendendo che non era pi\u00f9 in grado di controllarla. Decise allora di creare alcuni esseri, i suoi figli, per aiutarlo nella manutenzione e amministrazione dell\u2019Universo.<\/p>\n<p>Noi, figli di Javeh, <b>siamo stati creati a sua immagine e somiglianza<\/b>, per aiutarlo a concretizzare il suo sogno di diventare il dio di tutto questo Universo e di tutto ci\u00f2 che ha vita in questo ambiente. Da lui abbiamo ricevuto tutte le caratteristiche genetiche e fisiche. Non eravamo cattivi per natura, ma solo uguali al nostro Padre Creatore!<\/p>\n<p>Javeh si rese conto allora che i suoi figli erano stati creati per amministrare e per, a loro volta, creare in questo Universo, e lo facevano incessantemente, generando con ci\u00f2 un grave squilibrio in tutto quel contesto&#8230;<\/p>\n","protected":false},"excerpt":{"rendered":"<p>Quando il nostro Padre Creatore rimase prigioniero di questo Universo, la sua parte che rimase trattenuta all\u2019interno cominci\u00f2 a reintegrarsi nell\u2019ambiente che si stava formando. Questa sua seconda parte cominci\u00f2 a rendersi conto solamente allora di ci\u00f2 che stava succedendo in questo Universo fisico-materiale. Egli non si ricordava della sua esistenza anteriore, e nemmeno del [&hellip;]<\/p>\n","protected":false},"author":705,"featured_media":0,"comment_status":"open","ping_status":"closed","sticky":false,"template":"","format":"standard","meta":{"_acf_changed":false,"site-sidebar-layout":"default","site-content-layout":"","ast-site-content-layout":"default","site-content-style":"default","site-sidebar-style":"default","ast-global-header-display":"","ast-banner-title-visibility":"","ast-main-header-display":"","ast-hfb-above-header-display":"","ast-hfb-below-header-display":"","ast-hfb-mobile-header-display":"","site-post-title":"","ast-breadcrumbs-content":"","ast-featured-img":"","footer-sml-layout":"","ast-disable-related-posts":"","theme-transparent-header-meta":"","adv-header-id-meta":"","stick-header-meta":"","header-above-stick-meta":"","header-main-stick-meta":"","header-below-stick-meta":"","astra-migrate-meta-layouts":"default","ast-page-background-enabled":"default","ast-page-background-meta":{"desktop":{"background-color":"","background-image":"","background-repeat":"repeat","background-position":"center center","background-size":"auto","background-attachment":"scroll","background-type":"","background-media":"","overlay-type":"","overlay-color":"","overlay-opacity":"","overlay-gradient":""},"tablet":{"background-color":"","background-image":"","background-repeat":"repeat","background-position":"center center","background-size":"auto","background-attachment":"scroll","background-type":"","background-media":"","overlay-type":"","overlay-color":"","overlay-opacity":"","overlay-gradient":""},"mobile":{"background-color":"","background-image":"","background-repeat":"repeat","background-position":"center center","background-size":"auto","background-attachment":"scroll","background-type":"","background-media":"","overlay-type":"","overlay-color":"","overlay-opacity":"","overlay-gradient":""}},"ast-content-background-meta":{"desktop":{"background-color":"var(--ast-global-color-5)","background-image":"","background-repeat":"repeat","background-position":"center center","background-size":"auto","background-attachment":"scroll","background-type":"","background-media":"","overlay-type":"","overlay-color":"","overlay-opacity":"","overlay-gradient":""},"tablet":{"background-color":"var(--ast-global-color-5)","background-image":"","background-repeat":"repeat","background-position":"center center","background-size":"auto","background-attachment":"scroll","background-type":"","background-media":"","overlay-type":"","overlay-color":"","overlay-opacity":"","overlay-gradient":""},"mobile":{"background-color":"var(--ast-global-color-5)","background-image":"","background-repeat":"repeat","background-position":"center center","background-size":"auto","background-attachment":"scroll","background-type":"","background-media":"","overlay-type":"","overlay-color":"","overlay-opacity":"","overlay-gradient":""}},"footnotes":""},"categories":[1],"tags":[],"coauthors":[7],"class_list":["post-140","post","type-post","status-publish","format-standard","hentry","category-uncategorized"],"acf":[],"_links":{"self":[{"href":"https:\/\/anima.tv\/robertonuma\/wp-json\/wp\/v2\/posts\/140","targetHints":{"allow":["GET"]}}],"collection":[{"href":"https:\/\/anima.tv\/robertonuma\/wp-json\/wp\/v2\/posts"}],"about":[{"href":"https:\/\/anima.tv\/robertonuma\/wp-json\/wp\/v2\/types\/post"}],"author":[{"embeddable":true,"href":"https:\/\/anima.tv\/robertonuma\/wp-json\/wp\/v2\/users\/705"}],"replies":[{"embeddable":true,"href":"https:\/\/anima.tv\/robertonuma\/wp-json\/wp\/v2\/comments?post=140"}],"version-history":[{"count":3,"href":"https:\/\/anima.tv\/robertonuma\/wp-json\/wp\/v2\/posts\/140\/revisions"}],"predecessor-version":[{"id":160,"href":"https:\/\/anima.tv\/robertonuma\/wp-json\/wp\/v2\/posts\/140\/revisions\/160"}],"wp:attachment":[{"href":"https:\/\/anima.tv\/robertonuma\/wp-json\/wp\/v2\/media?parent=140"}],"wp:term":[{"taxonomy":"category","embeddable":true,"href":"https:\/\/anima.tv\/robertonuma\/wp-json\/wp\/v2\/categories?post=140"},{"taxonomy":"post_tag","embeddable":true,"href":"https:\/\/anima.tv\/robertonuma\/wp-json\/wp\/v2\/tags?post=140"},{"taxonomy":"author","embeddable":true,"href":"https:\/\/anima.tv\/robertonuma\/wp-json\/wp\/v2\/coauthors?post=140"}],"curies":[{"name":"wp","href":"https:\/\/api.w.org\/{rel}","templated":true}]}}