{"id":72,"date":"2010-09-23T12:52:23","date_gmt":"2010-09-23T12:52:23","guid":{"rendered":"https:\/\/anima.tv\/robertonuma\/?p=72"},"modified":"2013-07-18T13:08:36","modified_gmt":"2013-07-18T13:08:36","slug":"04-larrivo-sulla-terra","status":"publish","type":"post","link":"https:\/\/anima.tv\/robertonuma\/2010\/04-larrivo-sulla-terra\/","title":{"rendered":"04. L&#8217;ARRIVO SULLA TERRA"},"content":{"rendered":"<p>Centomila anni fa circa si consum\u00f2 il penultimo capitolo di questa lunga storia, con la reintegrazione cosmica di Alt Lam, il diciottesimo pianeta, e l\u2019<b>esilio forzato di Luzbel<\/b>, del suo quartier generale e di tutti i loro seguaci \u2013 milioni di persone \u2013 verso l\u2019ultimo dei globi che ancora s\u2019erano mantenuti fedeli ai dettami della \u201cribellione\u201d, la <b>Terra<\/b>.<\/p>\n<p>Il nostro pianeta, a quel tempo, era abitato da quelli che noi identifichiamo come <b>uomini primitivi<\/b>, sparsi in piccoli conglomerati su quasi tutte le terre emerse, e da rappresentanti di varie <b>civilt\u00e0 extraterrene<\/b> che per ragioni legate alla nostra incredibile bio-diversit\u00e0, cercavano piante e soprattutto minerali che servivano, per ragioni differenti, ai loro pianeti di origine.<\/p>\n<p>Il rapporto che si era creato fra queste entit\u00e0 esistenziali cos\u00ec diverse tra loro \u2013 i terracquei e gli \u201caltri\u201c \u2013 s\u2019era affermato in modo differente a seconda delle diverse regioni terrene in cui stava sviluppando, ma sempre con un denominatore comune: <b>gli umani obbedivano, gli \u201caltri\u201d comandavano<\/b>. Il risultato, d\u2019altronde, non poteva essere diverso: \u201cformattati\u201d come ominidi, senza una vera e propria coscienza, e quindi ancora senza alcuna responsabilit\u00e0 karmica, erano stati introdotti nell\u2019ambiente terrestre col preciso scopo di percorrere tutti i gradi dell\u2019evoluzione, nel pi\u00f9 breve tempo possibile.<\/p>\n<p><a href=\"https:\/\/anima.tv\/robertonuma\/wp-content\/uploads\/sites\/8\/2013\/07\/04.jpg\"><img loading=\"lazy\" decoding=\"async\" class=\"alignnone size-medium wp-image-205\" alt=\"04\" src=\"https:\/\/anima.tv\/robertonuma\/wp-content\/uploads\/sites\/8\/2013\/07\/04-300x265.jpg\" width=\"300\" height=\"265\" \/><\/a><\/p>\n<p>Con il passar del tempo la loro evoluzione si mostrava per\u00f2 ben pi\u00f9 lenta del previsto, anche perch\u00e9 le condizioni ambientali in cui vivevano non favorivano certo la <b>pratica dell\u2019introspezione <\/b>\u2013 unico metodo per il rinnovamento intimo \u2013 gi\u00e0 che la difesa dei loro clan e territori dai multipli attacchi che la propria natura provvedeva, gli occupava praticamente tutto il loro tempo.<\/p>\n<p>In questo senso fu ben visto, dall\u2019ottica del Maestro e di tutti coloro che partecipavano con dolore all\u2019infinita saga dell\u2019esilio dei ribelli di Luzbel, l\u2019arrivo di questi ultimi in precedenza da Alt Lam, identificando in questo evento la possibilit\u00e0 di offrire a tutti coloro che si sarebbe fatti coinvolgere da questa esperienza un\u2019opportunit\u00e0 di compiere importanti <b>passi evolutivi<\/b>.<\/p>\n<p>Valeva ovviamente per i <i>terracquei<\/i>, che nello scambio di informazioni avrebbero conseguito conoscenze a loro fino allora precluse, e valeva anche per i <i>ribelli <\/i>che, dovendosi forzosamente <b>reincarnare in corpi terrestri <\/b>per poter vivere sul nostro pianeta, avrebbero avuto la possibilit\u00e0 di ripulire i loro complessi karma attraverso il passar del tempo.<\/p>\n<p>L\u2019avventura di Luzbel e dei suoi seguaci sulla Terra \u2013 da noi conosciuta come la <b>saga di Atlantide<\/b> \u2013 poteva cominciare&#8230;<\/p>\n","protected":false},"excerpt":{"rendered":"<p>Centomila anni fa circa si consum\u00f2 il penultimo capitolo di questa lunga storia, con la reintegrazione cosmica di Alt Lam, il diciottesimo pianeta, e l\u2019esilio forzato di Luzbel, del suo quartier generale e di tutti i loro seguaci \u2013 milioni di persone \u2013 verso l\u2019ultimo dei globi che ancora s\u2019erano mantenuti fedeli ai dettami della [&hellip;]<\/p>\n","protected":false},"author":705,"featured_media":0,"comment_status":"open","ping_status":"closed","sticky":false,"template":"","format":"standard","meta":{"_acf_changed":false,"site-sidebar-layout":"default","site-content-layout":"","ast-site-content-layout":"default","site-content-style":"default","site-sidebar-style":"default","ast-global-header-display":"","ast-banner-title-visibility":"","ast-main-header-display":"","ast-hfb-above-header-display":"","ast-hfb-below-header-display":"","ast-hfb-mobile-header-display":"","site-post-title":"","ast-breadcrumbs-content":"","ast-featured-img":"","footer-sml-layout":"","ast-disable-related-posts":"","theme-transparent-header-meta":"","adv-header-id-meta":"","stick-header-meta":"","header-above-stick-meta":"","header-main-stick-meta":"","header-below-stick-meta":"","astra-migrate-meta-layouts":"default","ast-page-background-enabled":"default","ast-page-background-meta":{"desktop":{"background-color":"","background-image":"","background-repeat":"repeat","background-position":"center center","background-size":"auto","background-attachment":"scroll","background-type":"","background-media":"","overlay-type":"","overlay-color":"","overlay-opacity":"","overlay-gradient":""},"tablet":{"background-color":"","background-image":"","background-repeat":"repeat","background-position":"center center","background-size":"auto","background-attachment":"scroll","background-type":"","background-media":"","overlay-type":"","overlay-color":"","overlay-opacity":"","overlay-gradient":""},"mobile":{"background-color":"","background-image":"","background-repeat":"repeat","background-position":"center center","background-size":"auto","background-attachment":"scroll","background-type":"","background-media":"","overlay-type":"","overlay-color":"","overlay-opacity":"","overlay-gradient":""}},"ast-content-background-meta":{"desktop":{"background-color":"var(--ast-global-color-5)","background-image":"","background-repeat":"repeat","background-position":"center center","background-size":"auto","background-attachment":"scroll","background-type":"","background-media":"","overlay-type":"","overlay-color":"","overlay-opacity":"","overlay-gradient":""},"tablet":{"background-color":"var(--ast-global-color-5)","background-image":"","background-repeat":"repeat","background-position":"center center","background-size":"auto","background-attachment":"scroll","background-type":"","background-media":"","overlay-type":"","overlay-color":"","overlay-opacity":"","overlay-gradient":""},"mobile":{"background-color":"var(--ast-global-color-5)","background-image":"","background-repeat":"repeat","background-position":"center center","background-size":"auto","background-attachment":"scroll","background-type":"","background-media":"","overlay-type":"","overlay-color":"","overlay-opacity":"","overlay-gradient":""}},"footnotes":""},"categories":[1],"tags":[],"coauthors":[7],"class_list":["post-72","post","type-post","status-publish","format-standard","hentry","category-uncategorized"],"acf":[],"_links":{"self":[{"href":"https:\/\/anima.tv\/robertonuma\/wp-json\/wp\/v2\/posts\/72","targetHints":{"allow":["GET"]}}],"collection":[{"href":"https:\/\/anima.tv\/robertonuma\/wp-json\/wp\/v2\/posts"}],"about":[{"href":"https:\/\/anima.tv\/robertonuma\/wp-json\/wp\/v2\/types\/post"}],"author":[{"embeddable":true,"href":"https:\/\/anima.tv\/robertonuma\/wp-json\/wp\/v2\/users\/705"}],"replies":[{"embeddable":true,"href":"https:\/\/anima.tv\/robertonuma\/wp-json\/wp\/v2\/comments?post=72"}],"version-history":[{"count":3,"href":"https:\/\/anima.tv\/robertonuma\/wp-json\/wp\/v2\/posts\/72\/revisions"}],"predecessor-version":[{"id":88,"href":"https:\/\/anima.tv\/robertonuma\/wp-json\/wp\/v2\/posts\/72\/revisions\/88"}],"wp:attachment":[{"href":"https:\/\/anima.tv\/robertonuma\/wp-json\/wp\/v2\/media?parent=72"}],"wp:term":[{"taxonomy":"category","embeddable":true,"href":"https:\/\/anima.tv\/robertonuma\/wp-json\/wp\/v2\/categories?post=72"},{"taxonomy":"post_tag","embeddable":true,"href":"https:\/\/anima.tv\/robertonuma\/wp-json\/wp\/v2\/tags?post=72"},{"taxonomy":"author","embeddable":true,"href":"https:\/\/anima.tv\/robertonuma\/wp-json\/wp\/v2\/coauthors?post=72"}],"curies":[{"name":"wp","href":"https:\/\/api.w.org\/{rel}","templated":true}]}}