{"id":705,"name":"Roberto Numa","url":"","description":"Roberto Numa, nato a Milano nel 1959, ha vissuto met\u00e0 della sua vita in Italia e l\u2019altra in giro per il mondo, nell\u2019incessabile ricerca delle risposte alle domande che s\u2019era posto \u2013 come tutti \u2013 durante la propria esperienza esistenziale, scoprendo uno scenario completamente diverso da quello che s\u2019era sempre immaginato e a cui ha deciso di partecipare in modo totalmente consapevole. \r\n\r\nE laureato in legge, e padre di due ragazzi di 10 e 17 anni, l\u2019uno vivendo con lui a Milano, l\u2019altro terminando il suo corso di studi in Brasile, con la madre. Negli ultimi dieci anni della sua permanenza in America Latina ha partecipato attivamente ad uno dei pi\u00f9 rispettati e conosciuti gruppi di studio sullo spiritualismo, il gruppo Atlan , fondato nella citt\u00e0 di Natal dal contattista Rogerio Almeida, che ne \u00e8 anche il principale articolatore.\r\n\r\nV-Blog: Reintegrazione Cosmica\r\n\r\n\r\n Con Anima Edizioni pubblica Contatti Cosmici. \r\nHa pubblicato inoltre Il cercatore d'ombre ed. Il Filo, Verso l'alto ed. Pilgrim, Effetto trascendente ed. Pilgrim\r\n\r\n\r\n\r\n\r\n\r\n\u00a0","link":"https:\/\/anima.tv\/robertonuma\/author\/roberto-numa\/","slug":"roberto-numa","avatar_urls":{"24":"https:\/\/secure.gravatar.com\/avatar\/9f68b81f4ed9621a61b93e72944ebeabde3cc8ee21abc4a7253bbdf0754d5c5d?s=24&d=mm&r=g","48":"https:\/\/secure.gravatar.com\/avatar\/9f68b81f4ed9621a61b93e72944ebeabde3cc8ee21abc4a7253bbdf0754d5c5d?s=48&d=mm&r=g","96":"https:\/\/secure.gravatar.com\/avatar\/9f68b81f4ed9621a61b93e72944ebeabde3cc8ee21abc4a7253bbdf0754d5c5d?s=96&d=mm&r=g"},"meta":[],"acf":[],"_links":{"self":[{"href":"https:\/\/anima.tv\/robertonuma\/wp-json\/wp\/v2\/users\/705","targetHints":{"allow":["GET"]}}],"collection":[{"href":"https:\/\/anima.tv\/robertonuma\/wp-json\/wp\/v2\/users"}]}}