{"id":230,"date":"2008-12-22T10:30:01","date_gmt":"2008-12-22T10:30:01","guid":{"rendered":"https:\/\/anima.tv\/sibaldi\/?p=230"},"modified":"2013-07-15T10:36:05","modified_gmt":"2013-07-15T10:36:05","slug":"27-beth","status":"publish","type":"post","link":"https:\/\/anima.tv\/sibaldi\/2008\/27-beth\/","title":{"rendered":"27. BETH"},"content":{"rendered":"<p><i>b<\/i>. In ebraico:\u00a0<i>Beth<\/i>. Anticamente si pronunciava\u00a0<i>b<\/i>, e oggi\u00a0<i>v<\/i>. \u00c8 il geroglifico dell\u2019interiorit\u00e0, di uno spazio protetto e attivo, in buon rapporto con l\u2019esterno: e dunque della casa, della famiglia, dell\u2019interno del corpo, dell\u2019istituzione.\u00a0<i>Beth<\/i>\u00a0\u00e8 anche il senso di giustizia, inteso come consapevolezza dell\u2019opportuna collocazione dell\u2019individuo entro la societ\u00e0 a cui appartiene.<\/p>\n<p>B come Betlemme,\u00a0<i>Beyt-lekhem<\/i>, \u00abla Casa del Pane\u00bb. B come ben-\u2019adam, \u00abFiglio dell\u2019uomo\u00bb, espressione che Ges\u00f9 usa spesso nei Vangeli e sulla quale i teologi disputavano gi\u00e0 da prima d\u2019allora, perch\u00e9 compariva anche nei discorsi divini ai profeti: per esempio,<\/p>\n<p>allora uno spirito entr\u00f2 in me, mi fece alzare in piedi e io ascoltai colui che mi parlava. Mi disse: \u00abFiglio dell\u2019uomo, io ti mando agli Israeliti&#8230;\u00bb<\/p>\n<p><i>Ezechiele 2,2<\/i><\/p>\n<p>Esaminiamo questo\u00a0<i>ben-\u2019adam<\/i>, credo sia importante. I pi\u00f9 ritengono che sia soltanto un modo di dire tradizionale, ma mi sono abituato da un pezzo a diffidare di chi afferma che qualcosa nella Bibbia sia un \u00abnient\u2019altro che&#8230;\u00bb.<i>\u2019Adam<\/i>, sapete gi\u00e0 cosa significa in realt\u00e0: l\u2019orizzonte della nostra mente cosciente. E\u00a0<i>ben<\/i>\u00a0(in ebraico BN) in geroglifico \u00e8 \u00abci\u00f2 che una famiglia (B) fa nascere (N)\u00bb, il nuovo che in essa si crea. E, come vedete, il gioco \u00e8 gi\u00e0 fatto, il senso \u00e8 chiaro: gli uomini, in generale, sono\u00a0<i>\u2019adam<\/i>, il livello evolutivo da essi raggiunto \u00e8 il loro\u00a0<i>\u2019adam<\/i>, il loro modo di pensare, parlare, capire \u00e8 il loro\u00a0<i>\u2019adam<\/i>, e la maggior parte di essi se ne accontenta. Ma pu\u00f2 avvenire che alcuni vedano questo\u00a0<i>\u2019adam<\/i>\u00a0come una casa in cui sono nati, e in cui essi rappresentano appunto la novit\u00e0, la N dalla quale partire verso altri orizzonti. E questi sono nella Bibbia i cosiddetti \u00abprofeti\u00bb: coloro che non sono soltanto l\u2019<i>\u2019adam<\/i>, ma da esso si evolvono, vanno avanti e vedono le cose del mondo da un punto di vista diverso, ulteriore. La maggioranza dei teologi \u00e8 convinta che Ges\u00f9 usasse l\u2019espressione \u00abFiglio dell\u2019uomo\u00bb riferendola esclusivamente a se stesso \u2013 e cos\u00ec anche l\u2019altra espressione che egli usa spesso, \u00abFiglio di Dio\u00bb. Ma il Vangelo li smentisce. Avete mai letto passi come questi:<\/p>\n<p>Sta scritto nei profeti: Tutti saranno istruiti direttamente da Dio.<\/p>\n<p>(Giovanni 6,45)<\/p>\n<p>cio\u00e8 tutti in futuro saranno\u00a0<i>beni-\u2019adam<\/i>, protagonisti di un pi\u00f9 alto stadio evolutivo; e<\/p>\n<p>a quelli che lo hanno accettato, ha dato il potere di diventare Figli di Dio.<\/p>\n<p>(Giovanni 1,12).<\/p>\n<p>Da cosa dipende tale possibilit\u00e0? Da te. Credo sia questo il senso principale sia della Festa sia dell\u2019Angelo di questi giorni: MBH, \u00abla MEM e la BETH si aprono verso l\u2019invisibile, verso il futuro\u00bb. Buon Natale, e auguro a tutti che sia il<i>vostro<\/i>\u00a0Natale personalissimo, una volta per tutte.<\/p>\n<p>cotinua..<\/p>\n","protected":false},"excerpt":{"rendered":"<p>b. In ebraico:\u00a0Beth. Anticamente si pronunciava\u00a0b, e oggi\u00a0v. \u00c8 il geroglifico dell\u2019interiorit\u00e0, di uno spazio protetto e attivo, in buon rapporto con l\u2019esterno: e dunque della casa, della famiglia, dell\u2019interno del corpo, dell\u2019istituzione.\u00a0Beth\u00a0\u00e8 anche il senso di giustizia, inteso come consapevolezza dell\u2019opportuna collocazione dell\u2019individuo entro la societ\u00e0 a cui appartiene. B come Betlemme,\u00a0Beyt-lekhem, \u00abla Casa [&hellip;]<\/p>\n","protected":false},"author":8,"featured_media":248,"comment_status":"open","ping_status":"open","sticky":false,"template":"","format":"standard","meta":{"_acf_changed":false,"site-sidebar-layout":"default","site-content-layout":"","ast-site-content-layout":"default","site-content-style":"default","site-sidebar-style":"default","ast-global-header-display":"","ast-banner-title-visibility":"","ast-main-header-display":"","ast-hfb-above-header-display":"","ast-hfb-below-header-display":"","ast-hfb-mobile-header-display":"","site-post-title":"","ast-breadcrumbs-content":"","ast-featured-img":"","footer-sml-layout":"","ast-disable-related-posts":"","theme-transparent-header-meta":"","adv-header-id-meta":"","stick-header-meta":"","header-above-stick-meta":"","header-main-stick-meta":"","header-below-stick-meta":"","astra-migrate-meta-layouts":"default","ast-page-background-enabled":"default","ast-page-background-meta":{"desktop":{"background-color":"","background-image":"","background-repeat":"repeat","background-position":"center center","background-size":"auto","background-attachment":"scroll","background-type":"","background-media":"","overlay-type":"","overlay-color":"","overlay-opacity":"","overlay-gradient":""},"tablet":{"background-color":"","background-image":"","background-repeat":"repeat","background-position":"center center","background-size":"auto","background-attachment":"scroll","background-type":"","background-media":"","overlay-type":"","overlay-color":"","overlay-opacity":"","overlay-gradient":""},"mobile":{"background-color":"","background-image":"","background-repeat":"repeat","background-position":"center center","background-size":"auto","background-attachment":"scroll","background-type":"","background-media":"","overlay-type":"","overlay-color":"","overlay-opacity":"","overlay-gradient":""}},"ast-content-background-meta":{"desktop":{"background-color":"var(--ast-global-color-5)","background-image":"","background-repeat":"repeat","background-position":"center center","background-size":"auto","background-attachment":"scroll","background-type":"","background-media":"","overlay-type":"","overlay-color":"","overlay-opacity":"","overlay-gradient":""},"tablet":{"background-color":"var(--ast-global-color-5)","background-image":"","background-repeat":"repeat","background-position":"center center","background-size":"auto","background-attachment":"scroll","background-type":"","background-media":"","overlay-type":"","overlay-color":"","overlay-opacity":"","overlay-gradient":""},"mobile":{"background-color":"var(--ast-global-color-5)","background-image":"","background-repeat":"repeat","background-position":"center center","background-size":"auto","background-attachment":"scroll","background-type":"","background-media":"","overlay-type":"","overlay-color":"","overlay-opacity":"","overlay-gradient":""}},"footnotes":""},"categories":[1],"tags":[8],"coauthors":[21],"class_list":["post-230","post","type-post","status-publish","format-standard","has-post-thumbnail","hentry","category-uncategorized","tag-c"],"acf":[],"_links":{"self":[{"href":"https:\/\/anima.tv\/sibaldi\/wp-json\/wp\/v2\/posts\/230","targetHints":{"allow":["GET"]}}],"collection":[{"href":"https:\/\/anima.tv\/sibaldi\/wp-json\/wp\/v2\/posts"}],"about":[{"href":"https:\/\/anima.tv\/sibaldi\/wp-json\/wp\/v2\/types\/post"}],"author":[{"embeddable":true,"href":"https:\/\/anima.tv\/sibaldi\/wp-json\/wp\/v2\/users\/8"}],"replies":[{"embeddable":true,"href":"https:\/\/anima.tv\/sibaldi\/wp-json\/wp\/v2\/comments?post=230"}],"version-history":[{"count":2,"href":"https:\/\/anima.tv\/sibaldi\/wp-json\/wp\/v2\/posts\/230\/revisions"}],"predecessor-version":[{"id":252,"href":"https:\/\/anima.tv\/sibaldi\/wp-json\/wp\/v2\/posts\/230\/revisions\/252"}],"wp:featuredmedia":[{"embeddable":true,"href":"https:\/\/anima.tv\/sibaldi\/wp-json\/wp\/v2\/media\/248"}],"wp:attachment":[{"href":"https:\/\/anima.tv\/sibaldi\/wp-json\/wp\/v2\/media?parent=230"}],"wp:term":[{"taxonomy":"category","embeddable":true,"href":"https:\/\/anima.tv\/sibaldi\/wp-json\/wp\/v2\/categories?post=230"},{"taxonomy":"post_tag","embeddable":true,"href":"https:\/\/anima.tv\/sibaldi\/wp-json\/wp\/v2\/tags?post=230"},{"taxonomy":"author","embeddable":true,"href":"https:\/\/anima.tv\/sibaldi\/wp-json\/wp\/v2\/coauthors?post=230"}],"curies":[{"name":"wp","href":"https:\/\/api.w.org\/{rel}","templated":true}]}}